{"id":5645,"date":"2025-03-17T22:44:06","date_gmt":"2025-03-17T22:44:06","guid":{"rendered":"https:\/\/fex.net.br\/desafios-en-el-mercado-del-transporte\/"},"modified":"2025-10-16T19:54:47","modified_gmt":"2025-10-16T19:54:47","slug":"desafios-en-el-mercado-del-transporte","status":"publish","type":"post","link":"https:\/\/fex.net.br\/es\/desafios-en-el-mercado-del-transporte\/","title":{"rendered":"Desaf\u00edos en el mercado del transporte"},"content":{"rendered":"\t\t<div data-elementor-type=\"wp-post\" data-elementor-id=\"5645\" class=\"elementor elementor-5645 elementor-342\">\n\t\t\t\t\t\t<section class=\"elementor-section elementor-top-section elementor-element elementor-element-7dbfb7d5 elementor-section-boxed elementor-section-height-default elementor-section-height-default\" data-id=\"7dbfb7d5\" data-element_type=\"section\" data-e-type=\"section\">\n\t\t\t\t\t\t<div class=\"elementor-container elementor-column-gap-no\">\n\t\t\t\t\t<div class=\"elementor-column elementor-col-100 elementor-top-column elementor-element elementor-element-44b91183\" data-id=\"44b91183\" data-element_type=\"column\" data-e-type=\"column\">\n\t\t\t<div class=\"elementor-widget-wrap elementor-element-populated\">\n\t\t\t\t\t\t<div class=\"elementor-element elementor-element-26b07718 elementor-widget elementor-widget-text-editor\" data-id=\"26b07718\" data-element_type=\"widget\" data-e-type=\"widget\" data-widget_type=\"text-editor.default\">\n\t\t\t\t\t\t\t\t\t<blockquote><p>El mercado del transporte ha experimentado turbulencias durante algunos a\u00f1os. Con constantes altibajos, el mayor desaf\u00edo es gestionar eficazmente la log\u00edstica para minimizar el impacto. Los transportistas afirman que la importante ca\u00edda en el movimiento y transporte de carga es la principal responsable de la recesi\u00f3n econ\u00f3mica en este nicho de mercado.  <\/p><\/blockquote>\t\t\t\t\t\t\t\t<\/div>\n\t\t\t\t<div class=\"elementor-element elementor-element-6959f9e6 elementor-widget elementor-widget-text-editor\" data-id=\"6959f9e6\" data-element_type=\"widget\" data-e-type=\"widget\" data-widget_type=\"text-editor.default\">\n\t\t\t\t\t\t\t\t\t<p>Adem\u00e1s de los desaf\u00edos constantes sumados a la crisis, tenemos un historial de escasa infraestructura y necesidades peri\u00f3dicas de ampliar el nivel y la calidad de los servicios prestados.<\/p>\t\t\t\t\t\t\t\t<\/div>\n\t\t\t\t<div class=\"elementor-element elementor-element-4787251e elementor-widget elementor-widget-text-editor\" data-id=\"4787251e\" data-element_type=\"widget\" data-e-type=\"widget\" data-widget_type=\"text-editor.default\">\n\t\t\t\t\t\t\t\t\t<p>Entre las principales adversidades podemos mencionar:<\/p>\t\t\t\t\t\t\t\t<\/div>\n\t\t\t\t<div class=\"elementor-element elementor-element-73cc27e5 elementor-widget elementor-widget-text-editor\" data-id=\"73cc27e5\" data-element_type=\"widget\" data-e-type=\"widget\" data-widget_type=\"text-editor.default\">\n\t\t\t\t\t\t\t\t\t<ul><li data-start=\"4991\" data-end=\"5046\">Problemas generales y conflictos con la seguridad p\u00fablica;<\/li><li data-start=\"4991\" data-end=\"5046\">Fuerza laboral con bajo nivel educativo o de capacitaci\u00f3n;<\/li><li data-start=\"5101\" data-end=\"5132\">Infraestructura deficiente;<\/li><li data-start=\"5135\" data-end=\"5203\">Dificultad para acceder a las zonas de distribuci\u00f3n (calles, callejones y carreteras);<\/li><li data-start=\"5206\" data-end=\"5245\">Tr\u00e1fico pesado y excesivo;<\/li><li data-start=\"5248\" data-end=\"5270\">Entre muchos otros.<\/li><\/ul>\t\t\t\t\t\t\t\t<\/div>\n\t\t\t\t<div class=\"elementor-element elementor-element-7895b730 elementor-widget elementor-widget-text-editor\" data-id=\"7895b730\" data-element_type=\"widget\" data-e-type=\"widget\" data-widget_type=\"text-editor.default\">\n\t\t\t\t\t\t\t\t\t<p>Sin embargo, en medio de la adversidad, surge un rayo de esperanza: las empresas y los transportistas se han dado cuenta de la necesidad de prestar m\u00e1s atenci\u00f3n a la log\u00edstica. Como resultado, se han dado cuenta de que la gesti\u00f3n por s\u00ed sola los llevar\u00eda a la quiebra. \u00a1Las nuevas estrategias no solo son necesarias, sino siempre bienvenidas!  <\/p><p>Han surgido algunas tendencias para superar la crisis, como la famosa reducci\u00f3n de costes excesivos. Vea algunas de estas soluciones: <\/p>\t\t\t\t\t\t\t\t<\/div>\n\t\t\t\t<div class=\"elementor-element elementor-element-8fcf346 elementor-widget elementor-widget-text-editor\" data-id=\"8fcf346\" data-element_type=\"widget\" data-e-type=\"widget\" data-widget_type=\"text-editor.default\">\n\t\t\t\t\t\t\t\t\t<ul><li>Mayor especializaci\u00f3n de los empleados;<\/li><li>Cargas m\u00e1s peque\u00f1as y tiempos de entrega m\u00e1s flexibles;<\/li><li>Inversi\u00f3n en transporte modal (principalmente transporte por carretera);<\/li><li>Reducci\u00f3n en costos de env\u00edo, colocando precio y calidad del servicio como diferenciador.<\/li><\/ul>\t\t\t\t\t\t\t\t<\/div>\n\t\t\t\t<div class=\"elementor-element elementor-element-b0833a2 elementor-widget elementor-widget-text-editor\" data-id=\"b0833a2\" data-element_type=\"widget\" data-e-type=\"widget\" data-widget_type=\"text-editor.default\">\n\t\t\t\t\t\t\t\t\t<p data-start=\"5951\" data-end=\"6161\">Depende de los empresarios e inversionistas dar un nuevo rumbo al sector del transporte del pa\u00eds. La crisis, sumada a la falta de inversi\u00f3n, afecta el flujo de empresas, que r\u00e1pidamente pierden competitividad. <\/p><p data-start=\"6163\" data-end=\"6260\">\u00bfC\u00f3mo est\u00e1s usando estrategias para beneficiar a tu negocio? \u00a1Tus decisiones importan mucho! <\/p><p data-start=\"6262\" data-end=\"6424\">Conf\u00ede en FEX para garantizar siempre lo mejor para su empresa y sus empleados. \u00a1Productos de transporte e industriales de primera calidad! <\/p>\t\t\t\t\t\t\t\t<\/div>\n\t\t\t\t\t<\/div>\n\t\t<\/div>\n\t\t\t\t\t<\/div>\n\t\t<\/section>\n\t\t\t\t<\/div>\n\t\t","protected":false},"excerpt":{"rendered":"<p>La peque\u00f1a mesa redonda en el comedor puede ser ideal para comidas informales con su familia, pero invitar a invitados a pasar la noche llega con el invierno.<\/p>\n","protected":false},"author":1,"featured_media":0,"comment_status":"closed","ping_status":"closed","sticky":false,"template":"","format":"standard","meta":{"footnotes":""},"categories":[259],"tags":[],"class_list":["post-5645","post","type-post","status-publish","format-standard","hentry","category-transportes"],"yoast_head":"<!-- This site is optimized with the Yoast SEO plugin v27.3 - https:\/\/yoast.com\/product\/yoast-seo-wordpress\/ -->\n<title>Desaf\u00edos en el mercado del transporte - Fex<\/title>\n<meta name=\"robots\" content=\"index, follow, max-snippet:-1, max-image-preview:large, max-video-preview:-1\" \/>\n<link rel=\"canonical\" href=\"https:\/\/fex.net.br\/desafios-do-mercado-de-transportes\/\" \/>\n<meta property=\"og:locale\" content=\"es_ES\" \/>\n<meta property=\"og:type\" content=\"article\" \/>\n<meta property=\"og:title\" content=\"Desaf\u00edos en el mercado del transporte - Fex\" \/>\n<meta property=\"og:description\" content=\"La peque\u00f1a mesa redonda en el comedor puede ser ideal para comidas informales con su familia, pero invitar a invitados a pasar la noche llega con el invierno.\" \/>\n<meta property=\"og:url\" content=\"https:\/\/fex.net.br\/desafios-do-mercado-de-transportes\/\" \/>\n<meta property=\"og:site_name\" content=\"Fex\" \/>\n<meta property=\"article:published_time\" content=\"2025-03-17T22:44:06+00:00\" \/>\n<meta property=\"article:modified_time\" content=\"2025-10-16T19:54:47+00:00\" \/>\n<meta name=\"author\" content=\"gs_admin\" \/>\n<meta name=\"twitter:card\" content=\"summary_large_image\" \/>\n<meta name=\"twitter:label1\" content=\"Escrito por\" \/>\n\t<meta name=\"twitter:data1\" content=\"gs_admin\" \/>\n\t<meta name=\"twitter:label2\" content=\"Tiempo de lectura\" \/>\n\t<meta name=\"twitter:data2\" content=\"2 minutos\" \/>\n<script type=\"application\/ld+json\" class=\"yoast-schema-graph\">{\"@context\":\"https:\\\/\\\/schema.org\",\"@graph\":[{\"@type\":\"Article\",\"@id\":\"https:\\\/\\\/fex.net.br\\\/desafios-do-mercado-de-transportes\\\/#article\",\"isPartOf\":{\"@id\":\"https:\\\/\\\/fex.net.br\\\/desafios-do-mercado-de-transportes\\\/\"},\"author\":{\"name\":\"gs_admin\",\"@id\":\"https:\\\/\\\/fex.net.br\\\/#\\\/schema\\\/person\\\/28113776f728ff70d9607a8958ff3dd4\"},\"headline\":\"Desaf\u00edos en el mercado del transporte\",\"datePublished\":\"2025-03-17T22:44:06+00:00\",\"dateModified\":\"2025-10-16T19:54:47+00:00\",\"mainEntityOfPage\":{\"@id\":\"https:\\\/\\\/fex.net.br\\\/desafios-do-mercado-de-transportes\\\/\"},\"wordCount\":346,\"articleSection\":[\"Transportes\"],\"inLanguage\":\"es\"},{\"@type\":\"WebPage\",\"@id\":\"https:\\\/\\\/fex.net.br\\\/desafios-do-mercado-de-transportes\\\/\",\"url\":\"https:\\\/\\\/fex.net.br\\\/desafios-do-mercado-de-transportes\\\/\",\"name\":\"Desaf\u00edos en el mercado del transporte - Fex\",\"isPartOf\":{\"@id\":\"https:\\\/\\\/fex.net.br\\\/#website\"},\"datePublished\":\"2025-03-17T22:44:06+00:00\",\"dateModified\":\"2025-10-16T19:54:47+00:00\",\"author\":{\"@id\":\"https:\\\/\\\/fex.net.br\\\/#\\\/schema\\\/person\\\/28113776f728ff70d9607a8958ff3dd4\"},\"breadcrumb\":{\"@id\":\"https:\\\/\\\/fex.net.br\\\/desafios-do-mercado-de-transportes\\\/#breadcrumb\"},\"inLanguage\":\"es\",\"potentialAction\":[{\"@type\":\"ReadAction\",\"target\":[\"https:\\\/\\\/fex.net.br\\\/desafios-do-mercado-de-transportes\\\/\"]}]},{\"@type\":\"BreadcrumbList\",\"@id\":\"https:\\\/\\\/fex.net.br\\\/desafios-do-mercado-de-transportes\\\/#breadcrumb\",\"itemListElement\":[{\"@type\":\"ListItem\",\"position\":1,\"name\":\"In\u00edcio\",\"item\":\"https:\\\/\\\/fex.net.br\\\/es\\\/\"},{\"@type\":\"ListItem\",\"position\":2,\"name\":\"Desaf\u00edos en el mercado del transporte\"}]},{\"@type\":\"WebSite\",\"@id\":\"https:\\\/\\\/fex.net.br\\\/#website\",\"url\":\"https:\\\/\\\/fex.net.br\\\/\",\"name\":\"Fex\",\"description\":\"Ferro e A\u00e7o\",\"potentialAction\":[{\"@type\":\"SearchAction\",\"target\":{\"@type\":\"EntryPoint\",\"urlTemplate\":\"https:\\\/\\\/fex.net.br\\\/?s={search_term_string}\"},\"query-input\":{\"@type\":\"PropertyValueSpecification\",\"valueRequired\":true,\"valueName\":\"search_term_string\"}}],\"inLanguage\":\"es\"},{\"@type\":\"Person\",\"@id\":\"https:\\\/\\\/fex.net.br\\\/#\\\/schema\\\/person\\\/28113776f728ff70d9607a8958ff3dd4\",\"name\":\"gs_admin\",\"image\":{\"@type\":\"ImageObject\",\"inLanguage\":\"es\",\"@id\":\"https:\\\/\\\/secure.gravatar.com\\\/avatar\\\/acbbc20e209b88e6784670232e3785bd824aac5e38352fe27c039545660c9ae0?s=96&d=mm&r=g\",\"url\":\"https:\\\/\\\/secure.gravatar.com\\\/avatar\\\/acbbc20e209b88e6784670232e3785bd824aac5e38352fe27c039545660c9ae0?s=96&d=mm&r=g\",\"contentUrl\":\"https:\\\/\\\/secure.gravatar.com\\\/avatar\\\/acbbc20e209b88e6784670232e3785bd824aac5e38352fe27c039545660c9ae0?s=96&d=mm&r=g\",\"caption\":\"gs_admin\"},\"sameAs\":[\"https:\\\/\\\/fex.net.br\"],\"url\":\"https:\\\/\\\/fex.net.br\\\/es\\\/author\\\/gs_admin\\\/\"}]}<\/script>\n<!-- \/ Yoast SEO plugin. -->","yoast_head_json":{"title":"Desaf\u00edos en el mercado del transporte - Fex","robots":{"index":"index","follow":"follow","max-snippet":"max-snippet:-1","max-image-preview":"max-image-preview:large","max-video-preview":"max-video-preview:-1"},"canonical":"https:\/\/fex.net.br\/desafios-do-mercado-de-transportes\/","og_locale":"es_ES","og_type":"article","og_title":"Desaf\u00edos en el mercado del transporte - Fex","og_description":"La peque\u00f1a mesa redonda en el comedor puede ser ideal para comidas informales con su familia, pero invitar a invitados a pasar la noche llega con el invierno.","og_url":"https:\/\/fex.net.br\/desafios-do-mercado-de-transportes\/","og_site_name":"Fex","article_published_time":"2025-03-17T22:44:06+00:00","article_modified_time":"2025-10-16T19:54:47+00:00","author":"gs_admin","twitter_card":"summary_large_image","twitter_misc":{"Escrito por":"gs_admin","Tiempo de lectura":"2 minutos"},"schema":{"@context":"https:\/\/schema.org","@graph":[{"@type":"Article","@id":"https:\/\/fex.net.br\/desafios-do-mercado-de-transportes\/#article","isPartOf":{"@id":"https:\/\/fex.net.br\/desafios-do-mercado-de-transportes\/"},"author":{"name":"gs_admin","@id":"https:\/\/fex.net.br\/#\/schema\/person\/28113776f728ff70d9607a8958ff3dd4"},"headline":"Desaf\u00edos en el mercado del transporte","datePublished":"2025-03-17T22:44:06+00:00","dateModified":"2025-10-16T19:54:47+00:00","mainEntityOfPage":{"@id":"https:\/\/fex.net.br\/desafios-do-mercado-de-transportes\/"},"wordCount":346,"articleSection":["Transportes"],"inLanguage":"es"},{"@type":"WebPage","@id":"https:\/\/fex.net.br\/desafios-do-mercado-de-transportes\/","url":"https:\/\/fex.net.br\/desafios-do-mercado-de-transportes\/","name":"Desaf\u00edos en el mercado del transporte - Fex","isPartOf":{"@id":"https:\/\/fex.net.br\/#website"},"datePublished":"2025-03-17T22:44:06+00:00","dateModified":"2025-10-16T19:54:47+00:00","author":{"@id":"https:\/\/fex.net.br\/#\/schema\/person\/28113776f728ff70d9607a8958ff3dd4"},"breadcrumb":{"@id":"https:\/\/fex.net.br\/desafios-do-mercado-de-transportes\/#breadcrumb"},"inLanguage":"es","potentialAction":[{"@type":"ReadAction","target":["https:\/\/fex.net.br\/desafios-do-mercado-de-transportes\/"]}]},{"@type":"BreadcrumbList","@id":"https:\/\/fex.net.br\/desafios-do-mercado-de-transportes\/#breadcrumb","itemListElement":[{"@type":"ListItem","position":1,"name":"In\u00edcio","item":"https:\/\/fex.net.br\/es\/"},{"@type":"ListItem","position":2,"name":"Desaf\u00edos en el mercado del transporte"}]},{"@type":"WebSite","@id":"https:\/\/fex.net.br\/#website","url":"https:\/\/fex.net.br\/","name":"Fex","description":"Ferro e A\u00e7o","potentialAction":[{"@type":"SearchAction","target":{"@type":"EntryPoint","urlTemplate":"https:\/\/fex.net.br\/?s={search_term_string}"},"query-input":{"@type":"PropertyValueSpecification","valueRequired":true,"valueName":"search_term_string"}}],"inLanguage":"es"},{"@type":"Person","@id":"https:\/\/fex.net.br\/#\/schema\/person\/28113776f728ff70d9607a8958ff3dd4","name":"gs_admin","image":{"@type":"ImageObject","inLanguage":"es","@id":"https:\/\/secure.gravatar.com\/avatar\/acbbc20e209b88e6784670232e3785bd824aac5e38352fe27c039545660c9ae0?s=96&d=mm&r=g","url":"https:\/\/secure.gravatar.com\/avatar\/acbbc20e209b88e6784670232e3785bd824aac5e38352fe27c039545660c9ae0?s=96&d=mm&r=g","contentUrl":"https:\/\/secure.gravatar.com\/avatar\/acbbc20e209b88e6784670232e3785bd824aac5e38352fe27c039545660c9ae0?s=96&d=mm&r=g","caption":"gs_admin"},"sameAs":["https:\/\/fex.net.br"],"url":"https:\/\/fex.net.br\/es\/author\/gs_admin\/"}]}},"_links":{"self":[{"href":"https:\/\/fex.net.br\/es\/wp-json\/wp\/v2\/posts\/5645","targetHints":{"allow":["GET"]}}],"collection":[{"href":"https:\/\/fex.net.br\/es\/wp-json\/wp\/v2\/posts"}],"about":[{"href":"https:\/\/fex.net.br\/es\/wp-json\/wp\/v2\/types\/post"}],"author":[{"embeddable":true,"href":"https:\/\/fex.net.br\/es\/wp-json\/wp\/v2\/users\/1"}],"replies":[{"embeddable":true,"href":"https:\/\/fex.net.br\/es\/wp-json\/wp\/v2\/comments?post=5645"}],"version-history":[{"count":1,"href":"https:\/\/fex.net.br\/es\/wp-json\/wp\/v2\/posts\/5645\/revisions"}],"predecessor-version":[{"id":5646,"href":"https:\/\/fex.net.br\/es\/wp-json\/wp\/v2\/posts\/5645\/revisions\/5646"}],"wp:attachment":[{"href":"https:\/\/fex.net.br\/es\/wp-json\/wp\/v2\/media?parent=5645"}],"wp:term":[{"taxonomy":"category","embeddable":true,"href":"https:\/\/fex.net.br\/es\/wp-json\/wp\/v2\/categories?post=5645"},{"taxonomy":"post_tag","embeddable":true,"href":"https:\/\/fex.net.br\/es\/wp-json\/wp\/v2\/tags?post=5645"}],"curies":[{"name":"wp","href":"https:\/\/api.w.org\/{rel}","templated":true}]}}